{"id":10329,"date":"2022-08-24T09:10:14","date_gmt":"2022-08-24T06:10:14","guid":{"rendered":"https:\/\/skaut.ee\/uncategorized\/esu-uksuste-suvised-laagrid\/"},"modified":"2022-08-24T09:10:14","modified_gmt":"2022-08-24T06:10:14","slug":"esu-uksuste-suvised-laagrid","status":"publish","type":"post","link":"https:\/\/skaut.ee\/en\/uncategorized\/esu-uksuste-suvised-laagrid\/","title":{"rendered":"ES\u00dc \u00fcksuste suvised laagrid"},"content":{"rendered":"<p><img loading=\"lazy\" decoding=\"async\" class=\"wp-image-7166 alignright\" src=\"https:\/\/skaut.ee\/wp-content\/uploads\/2022\/08\/saturn5.jpg\" alt=\"\" width=\"317\" height=\"238\" srcset=\"https:\/\/skaut.ee\/wp-content\/uploads\/2022\/08\/saturn5.jpg 2048w, https:\/\/skaut.ee\/wp-content\/uploads\/2022\/08\/saturn5-768x577.jpg 768w, https:\/\/skaut.ee\/wp-content\/uploads\/2022\/08\/saturn5-1536x1154.jpg 1536w, https:\/\/skaut.ee\/wp-content\/uploads\/2022\/08\/saturn5-790x593.jpg 790w, https:\/\/skaut.ee\/wp-content\/uploads\/2022\/08\/saturn5-181x136.jpg 181w, https:\/\/skaut.ee\/wp-content\/uploads\/2022\/08\/saturn5-260x195.jpg 260w, https:\/\/skaut.ee\/wp-content\/uploads\/2022\/08\/saturn5-112x84.jpg 112w, https:\/\/skaut.ee\/wp-content\/uploads\/2022\/08\/saturn5-80x60.jpg 80w, https:\/\/skaut.ee\/wp-content\/uploads\/2022\/08\/saturn5-100x75.jpg 100w, https:\/\/skaut.ee\/wp-content\/uploads\/2022\/08\/saturn5-30x23.jpg 30w\" sizes=\"auto, (max-width: 317px) 100vw, 317px\" \/>Suvi hakkab l\u00f5pule j\u00f5udma ja uus sisehooaeg terendab. Vaatame aga korra suvele tagasi, et saada aimu \u00fcksuste laagritest.\u00a0<\/p>\n<h4>\u00dcksuse SATURN suvelaager &#8220;B-P jalaj\u00e4lgedes&#8221;<\/h4>\n<p><strong>25.06 &#8211; 1.07 toimus \u00fcksuse Saturn suvelaager &#8220;B-P jalaj\u00e4lgedes&#8221;<\/strong>. Laagris oli 20 osalejat (neist 5 andis t\u00f5otuse just selles samas laagris). Laagri jooksul arendati skautlikke teadmisi ja oskusi l\u00e4bi erinevate m\u00e4ngude ja tegevuste.<\/p>\n<ul>\n<li>Rohkem pilte laagrist leiad nende <a href=\"https:\/\/www.facebook.com\/skautysaturna\">Facebooki<\/a> lehelt!<\/li>\n<\/ul>\n<hr \/>\n<h4><img loading=\"lazy\" decoding=\"async\" class=\"wp-image-7170 alignleft\" src=\"https:\/\/skaut.ee\/wp-content\/uploads\/2022\/08\/IMG_20220703_111134-scaled.jpg\" alt=\"\" width=\"341\" height=\"255\" srcset=\"https:\/\/skaut.ee\/wp-content\/uploads\/2022\/08\/IMG_20220703_111134-scaled.jpg 2560w, https:\/\/skaut.ee\/wp-content\/uploads\/2022\/08\/IMG_20220703_111134-768x574.jpg 768w, https:\/\/skaut.ee\/wp-content\/uploads\/2022\/08\/IMG_20220703_111134-1536x1149.jpg 1536w, https:\/\/skaut.ee\/wp-content\/uploads\/2022\/08\/IMG_20220703_111134-2048x1532.jpg 2048w, https:\/\/skaut.ee\/wp-content\/uploads\/2022\/08\/IMG_20220703_111134-790x591.jpg 790w, https:\/\/skaut.ee\/wp-content\/uploads\/2022\/08\/IMG_20220703_111134-182x136.jpg 182w, https:\/\/skaut.ee\/wp-content\/uploads\/2022\/08\/IMG_20220703_111134-260x194.jpg 260w, https:\/\/skaut.ee\/wp-content\/uploads\/2022\/08\/IMG_20220703_111134-112x84.jpg 112w, https:\/\/skaut.ee\/wp-content\/uploads\/2022\/08\/IMG_20220703_111134-80x60.jpg 80w, https:\/\/skaut.ee\/wp-content\/uploads\/2022\/08\/IMG_20220703_111134-100x75.jpg 100w, https:\/\/skaut.ee\/wp-content\/uploads\/2022\/08\/IMG_20220703_111134-30x22.jpg 30w\" sizes=\"auto, (max-width: 341px) 100vw, 341px\" \/>Suvelaager &#8220;\u00dcksinda kodus&#8221; (\u00fcksused Okaskannel, TSGM ja \u00d6koskaudid)<\/h4>\n<p><strong>30.06 &#8211; 3.07 toimus Tagametsas laager &#8220;\u00dcksinda Kodus&#8221;<\/strong>. Tegemist oli \u00fcksuste Okaskannel, \u00d6koskaudid ja TSGM s\u00f5pruslaagriga, kus oli ligi 50 osalejat. <br \/>Osalejad olid jaotatud 5 salgaks selliselt, et igas oleks liikmeid igast vanusegrupist. Salgad ehitasid endale k\u00f6\u00f6ginurgad pesemiss\u00fcsteemiga ja valmistasid ka enamus toitudest ise. <br \/>Laagri eesm\u00e4rgiks oli kasvatada noorte enesekindlust ja iseseisvust. Viimasel \u00f6\u00f6l toimus ka \u00f6\u00f6m\u00e4ng, millest said osa ka hundud.<\/p>\n<hr \/>\n<h4><img loading=\"lazy\" decoding=\"async\" class=\"wp-image-7175 alignright\" src=\"https:\/\/skaut.ee\/wp-content\/uploads\/2022\/08\/siil3.jpg\" alt=\"\" width=\"430\" height=\"242\" srcset=\"https:\/\/skaut.ee\/wp-content\/uploads\/2022\/08\/siil3.jpg 2048w, https:\/\/skaut.ee\/wp-content\/uploads\/2022\/08\/siil3-768x432.jpg 768w, https:\/\/skaut.ee\/wp-content\/uploads\/2022\/08\/siil3-1536x864.jpg 1536w, https:\/\/skaut.ee\/wp-content\/uploads\/2022\/08\/siil3-790x444.jpg 790w, https:\/\/skaut.ee\/wp-content\/uploads\/2022\/08\/siil3-276x156.jpg 276w, https:\/\/skaut.ee\/wp-content\/uploads\/2022\/08\/siil3-242x136.jpg 242w, https:\/\/skaut.ee\/wp-content\/uploads\/2022\/08\/siil3-260x146.jpg 260w, https:\/\/skaut.ee\/wp-content\/uploads\/2022\/08\/siil3-149x84.jpg 149w, https:\/\/skaut.ee\/wp-content\/uploads\/2022\/08\/siil3-107x60.jpg 107w, https:\/\/skaut.ee\/wp-content\/uploads\/2022\/08\/siil3-100x56.jpg 100w, https:\/\/skaut.ee\/wp-content\/uploads\/2022\/08\/siil3-30x17.jpg 30w\" sizes=\"auto, (max-width: 430px) 100vw, 430px\" \/>\u00dcksuse SIIL suvelaager &#8220;T\u00e4hesadu&#8221;<\/h4>\n<p><strong>3.-8. juulini toimus Tagametsas lipkond Siil suvelaager &#8220;T\u00e4hesadu&#8221;. <\/strong>Kuue laagrip\u00e4eva jooksul valmistati hulgaliselt l\u00f5kketoite, matkati, l\u00e4biti &#8220;Ramborada&#8221;, m\u00e4ngiti meeskonnam\u00e4nge, v\u00f5isteldi, tehti l\u00f5ket &#8211; nauditi suvist ilma, s\u00f5pru ja skautlikku laagrit. Laagri deviis oli <strong>&#8220;Meie olemegi legend&#8221;.<\/strong><\/p>\n<ul>\n<li>Skaudi\u00fcksus Siil tegemistega saad ennast kursis hoida nende <a href=\"https:\/\/www.facebook.com\/profile.php?id=100072760310640\">Facebooki<\/a> lehel.<\/li>\n<\/ul>\n<hr \/>\n<h4><img loading=\"lazy\" decoding=\"async\" class=\"wp-image-7179 alignleft\" src=\"https:\/\/skaut.ee\/wp-content\/uploads\/2022\/08\/Narva.jpg\" alt=\"\" width=\"416\" height=\"208\" srcset=\"https:\/\/skaut.ee\/wp-content\/uploads\/2022\/08\/Narva.jpg 1736w, https:\/\/skaut.ee\/wp-content\/uploads\/2022\/08\/Narva-768x384.jpg 768w, https:\/\/skaut.ee\/wp-content\/uploads\/2022\/08\/Narva-1536x768.jpg 1536w, https:\/\/skaut.ee\/wp-content\/uploads\/2022\/08\/Narva-790x395.jpg 790w, https:\/\/skaut.ee\/wp-content\/uploads\/2022\/08\/Narva-256x128.jpg 256w, https:\/\/skaut.ee\/wp-content\/uploads\/2022\/08\/Narva-260x130.jpg 260w, https:\/\/skaut.ee\/wp-content\/uploads\/2022\/08\/Narva-168x84.jpg 168w, https:\/\/skaut.ee\/wp-content\/uploads\/2022\/08\/Narva-120x60.jpg 120w, https:\/\/skaut.ee\/wp-content\/uploads\/2022\/08\/Narva-100x50.jpg 100w, https:\/\/skaut.ee\/wp-content\/uploads\/2022\/08\/Narva-30x15.jpg 30w\" sizes=\"auto, (max-width: 416px) 100vw, 416px\" \/>\u00dcksuse Narva Meriskaudid laager Rannapungerjas<\/h4>\n<p>1.-17. juulini toimus Rannapungerjas \u00fcksuse Narva Meriskaudid suvelaager, kus osalesid noored ka L\u00e4tist, Leedust ja Rootsist. <br \/>Laagri jooksul harjutati s\u00f5lmi, mida purjetades vaja l\u00e4heb. V\u00e4lisk\u00fclalistele tutvustati Narvat, peeti v\u00f5istlusi ning loomulikult tegeleti ohtralt purjetamisega. Osalejad kiitsid laagri kokka, t\u00e4nu kellele oli k\u00f5ht alati maitsvat toitu t\u00e4is. Laagri jooksul tegeleti usinalt ka pr\u00fcgi sorteerimisega, nii koguneski m\u00f5ne p\u00e4evaga kokku neli 100-liitritst kotti plastikut.<\/p>\n<hr \/>\n<h4><img loading=\"lazy\" decoding=\"async\" class=\"wp-image-7182 alignright\" src=\"https:\/\/skaut.ee\/wp-content\/uploads\/2022\/08\/laager.jpg\" alt=\"\" width=\"380\" height=\"253\" srcset=\"https:\/\/skaut.ee\/wp-content\/uploads\/2022\/08\/laager.jpg 2048w, https:\/\/skaut.ee\/wp-content\/uploads\/2022\/08\/laager-768x512.jpg 768w, https:\/\/skaut.ee\/wp-content\/uploads\/2022\/08\/laager-1536x1024.jpg 1536w, https:\/\/skaut.ee\/wp-content\/uploads\/2022\/08\/laager-790x527.jpg 790w, https:\/\/skaut.ee\/wp-content\/uploads\/2022\/08\/laager-204x136.jpg 204w, https:\/\/skaut.ee\/wp-content\/uploads\/2022\/08\/laager-260x173.jpg 260w, https:\/\/skaut.ee\/wp-content\/uploads\/2022\/08\/laager-126x84.jpg 126w, https:\/\/skaut.ee\/wp-content\/uploads\/2022\/08\/laager-90x60.jpg 90w, https:\/\/skaut.ee\/wp-content\/uploads\/2022\/08\/laager-100x67.jpg 100w, https:\/\/skaut.ee\/wp-content\/uploads\/2022\/08\/laager-30x20.jpg 30w\" sizes=\"auto, (max-width: 380px) 100vw, 380px\" \/>&#8220;Viie s\u00f5bra laager&#8221; (\u00fcksused Tormilind, Tondisalu, Soorebased, Kr\u00f5llid, P\u00e4\u00e4susaba)<\/h4>\n<p>27.-30. juulini toimus Tagametsas viie \u00fcksuse suvelaager. Laagris osalesid \u00fcksused Tormilind, Tonisalu, Soorebased, Kr\u00f5llid ja P\u00e4\u00e4susaba. <br \/>Laagri eesm\u00e4rgiks oli uute s\u00f5prussidemete loomine ja laagrielu oskuste lihvimine. Noortel oli v\u00f5imalust v\u00e4ga palju arendada s\u00f6\u00f6gitegemise oskusi &#8211; igal hommikul ja \u00f5htul said nad valmistada etteantud toiduainetest just t\u00e4pselt sellise s\u00f6\u00f6gi, mida ise soovisid. Lisaks toimusid traditsioonilised lipu heiskamised\/langetamised, k\u00e4idi saunas, nauditi l\u00f5kke\u00f5htuid, m\u00e4ngiti geopeitust, punuti k\u00e4ev\u00f5rusid.<\/p>\n<hr \/>\n<p>Lisaks nendele suvelaagritele osalesid sel aastal Eesti skaudid ka Balti Jamboreel ja Saksa Jamboreel ning toimus ka hulgaliselt v\u00e4iskemaid ettev\u00f5tmisi.\u00a0<\/p>\n\n\n<p><\/p>\n","protected":false},"excerpt":{"rendered":"<p>Suvi hakkab l\u00f5pule j\u00f5udma ja uus sisehooaeg terendab. Vaatame aga korra suvele tagasi, et saada aimu \u00fcksuste laagritest.\u00a0 \u00dcksuse SATURN&#8230;<\/p>\n","protected":false},"author":1,"featured_media":7187,"comment_status":"closed","ping_status":"closed","sticky":false,"template":"","format":"standard","meta":{"_acf_changed":false,"inline_featured_image":false,"_monsterinsights_skip_tracking":false,"_monsterinsights_sitenote_active":false,"_monsterinsights_sitenote_note":"","_monsterinsights_sitenote_category":0,"cybocfi_hide_featured_image":"","footnotes":"","_links_to":"","_links_to_target":""},"categories":[2],"class_list":["post-10329","post","type-post","status-publish","format-standard","has-post-thumbnail","hentry","category-uncategorized"],"acf":[],"yoast_head":"<!-- This site is optimized with the Yoast SEO plugin v27.0 - https:\/\/yoast.com\/product\/yoast-seo-wordpress\/ -->\n<title>ES\u00dc \u00fcksuste suvised laagrid - Skaut<\/title>\n<meta name=\"robots\" content=\"index, follow, max-snippet:-1, max-image-preview:large, max-video-preview:-1\" \/>\n<link rel=\"canonical\" href=\"https:\/\/skaut.ee\/en\/uncategorized\/esu-uksuste-suvised-laagrid\/\" \/>\n<meta property=\"og:locale\" content=\"en_US\" \/>\n<meta property=\"og:type\" content=\"article\" \/>\n<meta property=\"og:title\" content=\"ES\u00dc \u00fcksuste suvised laagrid - Skaut\" \/>\n<meta property=\"og:description\" content=\"Suvi hakkab l\u00f5pule j\u00f5udma ja uus sisehooaeg terendab. Vaatame aga korra suvele tagasi, et saada aimu \u00fcksuste laagritest.\u00a0 \u00dcksuse SATURN...\" \/>\n<meta property=\"og:url\" content=\"https:\/\/skaut.ee\/en\/uncategorized\/esu-uksuste-suvised-laagrid\/\" \/>\n<meta property=\"og:site_name\" content=\"Skaut\" \/>\n<meta property=\"article:published_time\" content=\"2022-08-24T06:10:14+00:00\" \/>\n<meta property=\"og:image\" content=\"https:\/\/skaut.ee\/wp-content\/uploads\/2022\/08\/saturn5.jpg\" \/>\n<meta name=\"author\" content=\"admin\" \/>\n<meta name=\"twitter:card\" content=\"summary_large_image\" \/>\n<meta name=\"twitter:label1\" content=\"Written by\" \/>\n\t<meta name=\"twitter:data1\" content=\"admin\" \/>\n\t<meta name=\"twitter:label2\" content=\"Est. reading time\" \/>\n\t<meta name=\"twitter:data2\" content=\"2 minutes\" \/>\n<script type=\"application\/ld+json\" class=\"yoast-schema-graph\">{\"@context\":\"https:\/\/schema.org\",\"@graph\":[{\"@type\":\"Article\",\"@id\":\"https:\/\/skaut.ee\/en\/uncategorized\/esu-uksuste-suvised-laagrid\/#article\",\"isPartOf\":{\"@id\":\"https:\/\/skaut.ee\/en\/uncategorized\/esu-uksuste-suvised-laagrid\/\"},\"author\":{\"name\":\"admin\",\"@id\":\"https:\/\/skaut.ee\/#\/schema\/person\/9704185e499455e265c20d2c9a97a140\"},\"headline\":\"ES\u00dc \u00fcksuste suvised laagrid\",\"datePublished\":\"2022-08-24T06:10:14+00:00\",\"mainEntityOfPage\":{\"@id\":\"https:\/\/skaut.ee\/en\/uncategorized\/esu-uksuste-suvised-laagrid\/\"},\"wordCount\":395,\"image\":{\"@id\":\"https:\/\/skaut.ee\/en\/uncategorized\/esu-uksuste-suvised-laagrid\/#primaryimage\"},\"thumbnailUrl\":\"https:\/\/skaut.ee\/wp-content\/uploads\/2022\/08\/siil2.jpg\",\"inLanguage\":\"en-US\"},{\"@type\":\"WebPage\",\"@id\":\"https:\/\/skaut.ee\/en\/uncategorized\/esu-uksuste-suvised-laagrid\/\",\"url\":\"https:\/\/skaut.ee\/en\/uncategorized\/esu-uksuste-suvised-laagrid\/\",\"name\":\"ES\u00dc \u00fcksuste suvised laagrid - Skaut\",\"isPartOf\":{\"@id\":\"https:\/\/skaut.ee\/#website\"},\"primaryImageOfPage\":{\"@id\":\"https:\/\/skaut.ee\/en\/uncategorized\/esu-uksuste-suvised-laagrid\/#primaryimage\"},\"image\":{\"@id\":\"https:\/\/skaut.ee\/en\/uncategorized\/esu-uksuste-suvised-laagrid\/#primaryimage\"},\"thumbnailUrl\":\"https:\/\/skaut.ee\/wp-content\/uploads\/2022\/08\/siil2.jpg\",\"datePublished\":\"2022-08-24T06:10:14+00:00\",\"author\":{\"@id\":\"https:\/\/skaut.ee\/#\/schema\/person\/9704185e499455e265c20d2c9a97a140\"},\"breadcrumb\":{\"@id\":\"https:\/\/skaut.ee\/en\/uncategorized\/esu-uksuste-suvised-laagrid\/#breadcrumb\"},\"inLanguage\":\"en-US\",\"potentialAction\":[{\"@type\":\"ReadAction\",\"target\":[\"https:\/\/skaut.ee\/en\/uncategorized\/esu-uksuste-suvised-laagrid\/\"]}]},{\"@type\":\"ImageObject\",\"inLanguage\":\"en-US\",\"@id\":\"https:\/\/skaut.ee\/en\/uncategorized\/esu-uksuste-suvised-laagrid\/#primaryimage\",\"url\":\"https:\/\/skaut.ee\/wp-content\/uploads\/2022\/08\/siil2.jpg\",\"contentUrl\":\"https:\/\/skaut.ee\/wp-content\/uploads\/2022\/08\/siil2.jpg\",\"width\":1920,\"height\":1440},{\"@type\":\"BreadcrumbList\",\"@id\":\"https:\/\/skaut.ee\/en\/uncategorized\/esu-uksuste-suvised-laagrid\/#breadcrumb\",\"itemListElement\":[{\"@type\":\"ListItem\",\"position\":1,\"name\":\"Home\",\"item\":\"https:\/\/skaut.ee\/en\/\"},{\"@type\":\"ListItem\",\"position\":2,\"name\":\"ES\u00dc \u00fcksuste suvised laagrid\"}]},{\"@type\":\"WebSite\",\"@id\":\"https:\/\/skaut.ee\/#website\",\"url\":\"https:\/\/skaut.ee\/\",\"name\":\"Skaut\",\"description\":\"Eesti Skautide \u00dchingu koduleht\",\"potentialAction\":[{\"@type\":\"SearchAction\",\"target\":{\"@type\":\"EntryPoint\",\"urlTemplate\":\"https:\/\/skaut.ee\/?s={search_term_string}\"},\"query-input\":{\"@type\":\"PropertyValueSpecification\",\"valueRequired\":true,\"valueName\":\"search_term_string\"}}],\"inLanguage\":\"en-US\"},{\"@type\":\"Person\",\"@id\":\"https:\/\/skaut.ee\/#\/schema\/person\/9704185e499455e265c20d2c9a97a140\",\"name\":\"admin\",\"image\":{\"@type\":\"ImageObject\",\"inLanguage\":\"en-US\",\"@id\":\"https:\/\/skaut.ee\/#\/schema\/person\/image\/\",\"url\":\"https:\/\/secure.gravatar.com\/avatar\/aef90a063395ecc754be145b30879c3e9d538d117711c40a72b9aba8c8642aed?s=96&d=mm&r=g\",\"contentUrl\":\"https:\/\/secure.gravatar.com\/avatar\/aef90a063395ecc754be145b30879c3e9d538d117711c40a72b9aba8c8642aed?s=96&d=mm&r=g\",\"caption\":\"admin\"}}]}<\/script>\n<!-- \/ Yoast SEO plugin. -->","yoast_head_json":{"title":"ES\u00dc \u00fcksuste suvised laagrid - Skaut","robots":{"index":"index","follow":"follow","max-snippet":"max-snippet:-1","max-image-preview":"max-image-preview:large","max-video-preview":"max-video-preview:-1"},"canonical":"https:\/\/skaut.ee\/en\/uncategorized\/esu-uksuste-suvised-laagrid\/","og_locale":"en_US","og_type":"article","og_title":"ES\u00dc \u00fcksuste suvised laagrid - Skaut","og_description":"Suvi hakkab l\u00f5pule j\u00f5udma ja uus sisehooaeg terendab. Vaatame aga korra suvele tagasi, et saada aimu \u00fcksuste laagritest.\u00a0 \u00dcksuse SATURN...","og_url":"https:\/\/skaut.ee\/en\/uncategorized\/esu-uksuste-suvised-laagrid\/","og_site_name":"Skaut","article_published_time":"2022-08-24T06:10:14+00:00","og_image":[{"url":"https:\/\/skaut.ee\/wp-content\/uploads\/2022\/08\/saturn5.jpg","type":"","width":"","height":""}],"author":"admin","twitter_card":"summary_large_image","twitter_misc":{"Written by":"admin","Est. reading time":"2 minutes"},"schema":{"@context":"https:\/\/schema.org","@graph":[{"@type":"Article","@id":"https:\/\/skaut.ee\/en\/uncategorized\/esu-uksuste-suvised-laagrid\/#article","isPartOf":{"@id":"https:\/\/skaut.ee\/en\/uncategorized\/esu-uksuste-suvised-laagrid\/"},"author":{"name":"admin","@id":"https:\/\/skaut.ee\/#\/schema\/person\/9704185e499455e265c20d2c9a97a140"},"headline":"ES\u00dc \u00fcksuste suvised laagrid","datePublished":"2022-08-24T06:10:14+00:00","mainEntityOfPage":{"@id":"https:\/\/skaut.ee\/en\/uncategorized\/esu-uksuste-suvised-laagrid\/"},"wordCount":395,"image":{"@id":"https:\/\/skaut.ee\/en\/uncategorized\/esu-uksuste-suvised-laagrid\/#primaryimage"},"thumbnailUrl":"https:\/\/skaut.ee\/wp-content\/uploads\/2022\/08\/siil2.jpg","inLanguage":"en-US"},{"@type":"WebPage","@id":"https:\/\/skaut.ee\/en\/uncategorized\/esu-uksuste-suvised-laagrid\/","url":"https:\/\/skaut.ee\/en\/uncategorized\/esu-uksuste-suvised-laagrid\/","name":"ES\u00dc \u00fcksuste suvised laagrid - Skaut","isPartOf":{"@id":"https:\/\/skaut.ee\/#website"},"primaryImageOfPage":{"@id":"https:\/\/skaut.ee\/en\/uncategorized\/esu-uksuste-suvised-laagrid\/#primaryimage"},"image":{"@id":"https:\/\/skaut.ee\/en\/uncategorized\/esu-uksuste-suvised-laagrid\/#primaryimage"},"thumbnailUrl":"https:\/\/skaut.ee\/wp-content\/uploads\/2022\/08\/siil2.jpg","datePublished":"2022-08-24T06:10:14+00:00","author":{"@id":"https:\/\/skaut.ee\/#\/schema\/person\/9704185e499455e265c20d2c9a97a140"},"breadcrumb":{"@id":"https:\/\/skaut.ee\/en\/uncategorized\/esu-uksuste-suvised-laagrid\/#breadcrumb"},"inLanguage":"en-US","potentialAction":[{"@type":"ReadAction","target":["https:\/\/skaut.ee\/en\/uncategorized\/esu-uksuste-suvised-laagrid\/"]}]},{"@type":"ImageObject","inLanguage":"en-US","@id":"https:\/\/skaut.ee\/en\/uncategorized\/esu-uksuste-suvised-laagrid\/#primaryimage","url":"https:\/\/skaut.ee\/wp-content\/uploads\/2022\/08\/siil2.jpg","contentUrl":"https:\/\/skaut.ee\/wp-content\/uploads\/2022\/08\/siil2.jpg","width":1920,"height":1440},{"@type":"BreadcrumbList","@id":"https:\/\/skaut.ee\/en\/uncategorized\/esu-uksuste-suvised-laagrid\/#breadcrumb","itemListElement":[{"@type":"ListItem","position":1,"name":"Home","item":"https:\/\/skaut.ee\/en\/"},{"@type":"ListItem","position":2,"name":"ES\u00dc \u00fcksuste suvised laagrid"}]},{"@type":"WebSite","@id":"https:\/\/skaut.ee\/#website","url":"https:\/\/skaut.ee\/","name":"Skaut","description":"Eesti Skautide \u00dchingu koduleht","potentialAction":[{"@type":"SearchAction","target":{"@type":"EntryPoint","urlTemplate":"https:\/\/skaut.ee\/?s={search_term_string}"},"query-input":{"@type":"PropertyValueSpecification","valueRequired":true,"valueName":"search_term_string"}}],"inLanguage":"en-US"},{"@type":"Person","@id":"https:\/\/skaut.ee\/#\/schema\/person\/9704185e499455e265c20d2c9a97a140","name":"admin","image":{"@type":"ImageObject","inLanguage":"en-US","@id":"https:\/\/skaut.ee\/#\/schema\/person\/image\/","url":"https:\/\/secure.gravatar.com\/avatar\/aef90a063395ecc754be145b30879c3e9d538d117711c40a72b9aba8c8642aed?s=96&d=mm&r=g","contentUrl":"https:\/\/secure.gravatar.com\/avatar\/aef90a063395ecc754be145b30879c3e9d538d117711c40a72b9aba8c8642aed?s=96&d=mm&r=g","caption":"admin"}}]}},"_links":{"self":[{"href":"https:\/\/skaut.ee\/en\/wp-json\/wp\/v2\/posts\/10329","targetHints":{"allow":["GET"]}}],"collection":[{"href":"https:\/\/skaut.ee\/en\/wp-json\/wp\/v2\/posts"}],"about":[{"href":"https:\/\/skaut.ee\/en\/wp-json\/wp\/v2\/types\/post"}],"author":[{"embeddable":true,"href":"https:\/\/skaut.ee\/en\/wp-json\/wp\/v2\/users\/1"}],"replies":[{"embeddable":true,"href":"https:\/\/skaut.ee\/en\/wp-json\/wp\/v2\/comments?post=10329"}],"version-history":[{"count":0,"href":"https:\/\/skaut.ee\/en\/wp-json\/wp\/v2\/posts\/10329\/revisions"}],"wp:featuredmedia":[{"embeddable":true,"href":"https:\/\/skaut.ee\/en\/wp-json\/wp\/v2\/media\/7187"}],"wp:attachment":[{"href":"https:\/\/skaut.ee\/en\/wp-json\/wp\/v2\/media?parent=10329"}],"wp:term":[{"taxonomy":"category","embeddable":true,"href":"https:\/\/skaut.ee\/en\/wp-json\/wp\/v2\/categories?post=10329"}],"curies":[{"name":"wp","href":"https:\/\/api.w.org\/{rel}","templated":true}]}}